{"id":9597,"date":"2017-10-23T12:59:54","date_gmt":"2017-10-23T10:59:54","guid":{"rendered":"http:\/\/www.atletikaolomouc.cz\/?p=9597"},"modified":"2017-10-23T13:00:52","modified_gmt":"2017-10-23T11:00:52","slug":"podzimni-prazdniny-atleticke-pripravky","status":"publish","type":"post","link":"https:\/\/old.atletikaolomouc.cz\/?p=9597","title":{"rendered":"Podzimn\u00ed pr\u00e1zdniny &#8211; atletick\u00e9 p\u0159\u00edpravky"},"content":{"rendered":"<p style=\"text-align: justify;\">P\u0159ipom\u00edn\u00e1me, \u017ee v dob\u011b \u0161koln\u00edch pr\u00e1zdnin a st\u00e1tn\u00edch sv\u00e1tk\u016f se tr\u00e9ninky atletick\u00fdch p\u0159\u00edpravek nekonaj\u00ed. Aktu\u00e1ln\u011b se tedy ru\u0161\u00ed tr\u00e9ninky ve \u010dtvrtek 26. a v p\u00e1tek 27. \u0159\u00edjna. U\u017eijte si podzimn\u00ed pr\u00e1zdniny.<!--more--><\/p>\n","protected":false},"excerpt":{"rendered":"<p>P\u0159ipom\u00edn\u00e1me, \u017ee v dob\u011b \u0161koln\u00edch pr\u00e1zdnin a st\u00e1tn\u00edch sv\u00e1tk\u016f se tr\u00e9ninky atletick\u00fdch p\u0159\u00edpravek nekonaj\u00ed. Aktu\u00e1ln\u011b se tedy ru\u0161\u00ed tr\u00e9ninky ve \u010dtvrtek 26. a v p\u00e1tek 27. \u0159\u00edjna. U\u017eijte si podzimn\u00ed pr\u00e1zdniny.<\/p>\n","protected":false},"author":10,"featured_media":9598,"comment_status":"closed","ping_status":"closed","sticky":false,"template":"","format":"standard","meta":{"ngg_post_thumbnail":0},"categories":[5,6,25,19],"tags":[],"_links":{"self":[{"href":"https:\/\/old.atletikaolomouc.cz\/index.php?rest_route=\/wp\/v2\/posts\/9597"}],"collection":[{"href":"https:\/\/old.atletikaolomouc.cz\/index.php?rest_route=\/wp\/v2\/posts"}],"about":[{"href":"https:\/\/old.atletikaolomouc.cz\/index.php?rest_route=\/wp\/v2\/types\/post"}],"author":[{"embeddable":true,"href":"https:\/\/old.atletikaolomouc.cz\/index.php?rest_route=\/wp\/v2\/users\/10"}],"replies":[{"embeddable":true,"href":"https:\/\/old.atletikaolomouc.cz\/index.php?rest_route=%2Fwp%2Fv2%2Fcomments&post=9597"}],"version-history":[{"count":6,"href":"https:\/\/old.atletikaolomouc.cz\/index.php?rest_route=\/wp\/v2\/posts\/9597\/revisions"}],"predecessor-version":[{"id":9604,"href":"https:\/\/old.atletikaolomouc.cz\/index.php?rest_route=\/wp\/v2\/posts\/9597\/revisions\/9604"}],"wp:featuredmedia":[{"embeddable":true,"href":"https:\/\/old.atletikaolomouc.cz\/index.php?rest_route=\/wp\/v2\/media\/9598"}],"wp:attachment":[{"href":"https:\/\/old.atletikaolomouc.cz\/index.php?rest_route=%2Fwp%2Fv2%2Fmedia&parent=9597"}],"wp:term":[{"taxonomy":"category","embeddable":true,"href":"https:\/\/old.atletikaolomouc.cz\/index.php?rest_route=%2Fwp%2Fv2%2Fcategories&post=9597"},{"taxonomy":"post_tag","embeddable":true,"href":"https:\/\/old.atletikaolomouc.cz\/index.php?rest_route=%2Fwp%2Fv2%2Ftags&post=9597"}],"curies":[{"name":"wp","href":"https:\/\/api.w.org\/{rel}","templated":true}]}}