{"id":9630,"date":"2017-11-21T08:57:51","date_gmt":"2017-11-21T07:57:51","guid":{"rendered":"http:\/\/www.atletikaolomouc.cz\/?p=9630"},"modified":"2017-11-21T08:57:51","modified_gmt":"2017-11-21T07:57:51","slug":"deti-z-atletickych-pripravek-pilne-trenuji-v-telocvicnach","status":"publish","type":"post","link":"https:\/\/old.atletikaolomouc.cz\/?p=9630","title":{"rendered":"D\u011bti z atletick\u00fdch p\u0159\u00edpravek piln\u011b tr\u00e9nuj\u00ed v t\u011blocvi\u010dn\u00e1ch"},"content":{"rendered":"<p style=\"text-align: justify;\">V\u0161ech na\u0161ich 12 skupin p\u0159\u00edpravek se u\u017e p\u0159esunulo s tr\u00e9ninky do t\u011blocvi\u010den. <!--more-->Kdo poctiv\u011b chod\u00ed na tr\u00e9ninky, ur\u010dit\u011b se zdokonal\u00ed v z\u00e1kladech gymnastiky, vyzkou\u0161\u00ed si pestrou \u0161k\u00e1lu m\u00ed\u010dov\u00fdch her, zjist\u00ed, zda dok\u00e1\u017ee p\u0159ekonat obt\u00ed\u017en\u00e9 p\u0159ek\u00e1\u017ekov\u00e9 dr\u00e1hy a zasout\u011b\u017e\u00ed si s kamar\u00e1dy ve v\u0161emo\u017en\u00fdch z\u00e1vodiv\u00fdch hr\u00e1ch. D\u011bti u\u017e tak\u00e9 netrp\u011bliv\u011b vyhl\u00ed\u017e\u00ed slibovan\u00e1 tri\u010dka, na kter\u00fdch v Algrafu usilovn\u011b pracuj\u00ed.<\/p>\n<p style=\"text-align: justify;\">P\u0159ipravujeme tak\u00e9 tradi\u010dn\u00ed V\u00e1no\u010dn\u00ed atletickou halu pro d\u011bti a jejich rodi\u010de. Term\u00edn m\u00e1me napl\u00e1novan\u00fd na 21. 12. 2017 od 16:00. Pozv\u00e1nku d\u011btem brzy rozdaj\u00ed tren\u00e9\u0159i a bude tak\u00e9 na na\u0161em webu. Proto n\u00e1s nep\u0159est\u00e1vejte sledovat.<\/p>\n<p style=\"text-align: justify;\"><a href=\"http:\/\/www.atletikaolomouc.cz\/wp-content\/uploads\/2017\/11\/IMG_5268.jpg\"><img decoding=\"async\" loading=\"lazy\" class=\"aligncenter size-medium wp-image-9632\" title=\"IMG_5268\" src=\"http:\/\/www.atletikaolomouc.cz\/wp-content\/uploads\/2017\/11\/IMG_5268-300x199.jpg\" alt=\"\" width=\"300\" height=\"199\" srcset=\"https:\/\/old.atletikaolomouc.cz\/wp-content\/uploads\/2017\/11\/IMG_5268-300x199.jpg 300w, https:\/\/old.atletikaolomouc.cz\/wp-content\/uploads\/2017\/11\/IMG_5268-800x533.jpg 800w, https:\/\/old.atletikaolomouc.cz\/wp-content\/uploads\/2017\/11\/IMG_5268-325x215.jpg 325w\" sizes=\"(max-width: 300px) 100vw, 300px\" \/><\/a><\/p>\n","protected":false},"excerpt":{"rendered":"<p>V\u0161ech na\u0161ich 12 skupin p\u0159\u00edpravek se u\u017e p\u0159esunulo s tr\u00e9ninky do t\u011blocvi\u010den.<\/p>\n","protected":false},"author":10,"featured_media":9631,"comment_status":"closed","ping_status":"closed","sticky":false,"template":"","format":"standard","meta":{"ngg_post_thumbnail":0},"categories":[5,6,37,25,19],"tags":[],"_links":{"self":[{"href":"https:\/\/old.atletikaolomouc.cz\/index.php?rest_route=\/wp\/v2\/posts\/9630"}],"collection":[{"href":"https:\/\/old.atletikaolomouc.cz\/index.php?rest_route=\/wp\/v2\/posts"}],"about":[{"href":"https:\/\/old.atletikaolomouc.cz\/index.php?rest_route=\/wp\/v2\/types\/post"}],"author":[{"embeddable":true,"href":"https:\/\/old.atletikaolomouc.cz\/index.php?rest_route=\/wp\/v2\/users\/10"}],"replies":[{"embeddable":true,"href":"https:\/\/old.atletikaolomouc.cz\/index.php?rest_route=%2Fwp%2Fv2%2Fcomments&post=9630"}],"version-history":[{"count":2,"href":"https:\/\/old.atletikaolomouc.cz\/index.php?rest_route=\/wp\/v2\/posts\/9630\/revisions"}],"predecessor-version":[{"id":9634,"href":"https:\/\/old.atletikaolomouc.cz\/index.php?rest_route=\/wp\/v2\/posts\/9630\/revisions\/9634"}],"wp:featuredmedia":[{"embeddable":true,"href":"https:\/\/old.atletikaolomouc.cz\/index.php?rest_route=\/wp\/v2\/media\/9631"}],"wp:attachment":[{"href":"https:\/\/old.atletikaolomouc.cz\/index.php?rest_route=%2Fwp%2Fv2%2Fmedia&parent=9630"}],"wp:term":[{"taxonomy":"category","embeddable":true,"href":"https:\/\/old.atletikaolomouc.cz\/index.php?rest_route=%2Fwp%2Fv2%2Fcategories&post=9630"},{"taxonomy":"post_tag","embeddable":true,"href":"https:\/\/old.atletikaolomouc.cz\/index.php?rest_route=%2Fwp%2Fv2%2Ftags&post=9630"}],"curies":[{"name":"wp","href":"https:\/\/api.w.org\/{rel}","templated":true}]}}