{"id":9732,"date":"2017-12-12T09:06:09","date_gmt":"2017-12-12T08:06:09","guid":{"rendered":"http:\/\/www.atletikaolomouc.cz\/?p=9732"},"modified":"2017-12-12T09:06:09","modified_gmt":"2017-12-12T08:06:09","slug":"vanocni-besidka-pro-atleticke-pripravky","status":"publish","type":"post","link":"https:\/\/old.atletikaolomouc.cz\/?p=9732","title":{"rendered":"V\u00e1no\u010dn\u00ed bes\u00eddka pro atletick\u00e9 p\u0159\u00edpravky"},"content":{"rendered":"<p style=\"text-align: justify;\">Dovolujeme si V\u00e1s pozvat na tradi\u010dn\u00ed v\u00e1no\u010dn\u00ed akci pro d\u011bti a rodi\u010de z na\u0161ich atletick\u00fdch p\u0159\u00edpravek, kter\u00e1 se bude konat ve \u010dtvrtek 21. 12. 2017 od 16:00 v atletick\u00e9 hale TJ Lokomotiva, t\u0159. 17. listopadu 3.<img decoding=\"async\" title=\"Cel\u00fd p\u0159\u00edsp\u011bvek...\" src=\"http:\/\/www.atletikaolomouc.cz\/wp-includes\/js\/tinymce\/plugins\/wordpress\/img\/trans.gif\" alt=\"\" \/>\u00a0Touto akc\u00ed ukon\u010d\u00edme tr\u00e9ninky atletick\u00fdch p\u0159\u00edpravek v tomto kalend\u00e1\u0159n\u00edm roce.<!--more-->Na programu bude jako obvykle spoustu sout\u011b\u017e\u00ed pro d\u011bti, strojen\u00ed strome\u010dku, tvorba v\u00e1no\u010dn\u00edch ozdob, zp\u011bv koled a v\u0161e co pat\u0159\u00ed k V\u00e1noc\u016fm. Pro rodi\u010de bude p\u0159ipraveno n\u011bco na zah\u0159\u00e1t\u00ed.<\/p>\n<p>T\u011b\u0161\u00edme se na Va\u0161i \u00fa\u010dast.<\/p>\n<p>Pozv\u00e1nka <a title=\"V\u00e1no\u010dn\u00ed bes\u00eddka 2017\" href=\"http:\/\/www.atletikaolomouc.cz\/wp-content\/uploads\/2017\/12\/V\u00e1no\u010dn\u00ed-hala-pro-p\u0159\u00edpravky-2017.doc\" target=\"_blank\">zde.<\/a><\/p>\n<p>&nbsp;<\/p>\n","protected":false},"excerpt":{"rendered":"<p>Dovolujeme si V\u00e1s pozvat na tradi\u010dn\u00ed v\u00e1no\u010dn\u00ed akci pro d\u011bti a rodi\u010de z na\u0161ich atletick\u00fdch p\u0159\u00edpravek, kter\u00e1 se bude konat ve \u010dtvrtek 21. 12. 2017 od 16:00 v atletick\u00e9 hale TJ Lokomotiva, t\u0159. 17. listopadu 3.\u00a0Touto akc\u00ed ukon\u010d\u00edme tr\u00e9ninky atletick\u00fdch &hellip; <a href=\"https:\/\/old.atletikaolomouc.cz\/?p=9732\">Continue reading <span class=\"meta-nav\">&rarr;<\/span><\/a><\/p>\n","protected":false},"author":10,"featured_media":9734,"comment_status":"closed","ping_status":"closed","sticky":false,"template":"","format":"standard","meta":{"ngg_post_thumbnail":0},"categories":[5,6,37,25,19],"tags":[],"_links":{"self":[{"href":"https:\/\/old.atletikaolomouc.cz\/index.php?rest_route=\/wp\/v2\/posts\/9732"}],"collection":[{"href":"https:\/\/old.atletikaolomouc.cz\/index.php?rest_route=\/wp\/v2\/posts"}],"about":[{"href":"https:\/\/old.atletikaolomouc.cz\/index.php?rest_route=\/wp\/v2\/types\/post"}],"author":[{"embeddable":true,"href":"https:\/\/old.atletikaolomouc.cz\/index.php?rest_route=\/wp\/v2\/users\/10"}],"replies":[{"embeddable":true,"href":"https:\/\/old.atletikaolomouc.cz\/index.php?rest_route=%2Fwp%2Fv2%2Fcomments&post=9732"}],"version-history":[{"count":2,"href":"https:\/\/old.atletikaolomouc.cz\/index.php?rest_route=\/wp\/v2\/posts\/9732\/revisions"}],"predecessor-version":[{"id":9737,"href":"https:\/\/old.atletikaolomouc.cz\/index.php?rest_route=\/wp\/v2\/posts\/9732\/revisions\/9737"}],"wp:featuredmedia":[{"embeddable":true,"href":"https:\/\/old.atletikaolomouc.cz\/index.php?rest_route=\/wp\/v2\/media\/9734"}],"wp:attachment":[{"href":"https:\/\/old.atletikaolomouc.cz\/index.php?rest_route=%2Fwp%2Fv2%2Fmedia&parent=9732"}],"wp:term":[{"taxonomy":"category","embeddable":true,"href":"https:\/\/old.atletikaolomouc.cz\/index.php?rest_route=%2Fwp%2Fv2%2Fcategories&post=9732"},{"taxonomy":"post_tag","embeddable":true,"href":"https:\/\/old.atletikaolomouc.cz\/index.php?rest_route=%2Fwp%2Fv2%2Ftags&post=9732"}],"curies":[{"name":"wp","href":"https:\/\/api.w.org\/{rel}","templated":true}]}}