{"id":9770,"date":"2017-12-18T13:37:41","date_gmt":"2017-12-18T12:37:41","guid":{"rendered":"http:\/\/www.atletikaolomouc.cz\/?p=9770"},"modified":"2017-12-18T13:37:41","modified_gmt":"2017-12-18T12:37:41","slug":"vanocni-prazdniny-4","status":"publish","type":"post","link":"https:\/\/old.atletikaolomouc.cz\/?p=9770","title":{"rendered":"V\u00e1no\u010dn\u00ed pr\u00e1zdniny"},"content":{"rendered":"<p style=\"text-align: justify;\">Tr\u00e9ninky atletick\u00fdch p\u0159\u00edpravek v tomto kalend\u00e1\u0159n\u00edm roce kon\u010d\u00ed ve st\u0159edu 20.12.2017. Ve \u010dtvrtek 21. 12. 2017 se kon\u00e1 je\u0161t\u011b pro d\u011bti a rodi\u010de V\u00e1no\u010dn\u00ed hala pro p\u0159\u00edpravky.\u00a0Tr\u00e9ninky v nov\u00e9m roce za\u010dnou v pond\u011bl\u00ed 8. 1. 2018 standardn\u011b dle rozpisu skupin.<!--more--><\/p>\n<p>Pozv\u00e1nka na V\u00e1no\u010dn\u00ed halu pro p\u0159\u00edpravky <a title=\"V\u00e1no\u010dn\u00ed bes\u00eddka 2017\" href=\"http:\/\/www.atletikaolomouc.cz\/?p=9732\" target=\"_blank\">zde.<\/a><\/p>\n<p>P\u0159ejeme p\u0159\u00edjemn\u00e9 pro\u017eit\u00ed V\u00e1noc a mnoho \u0161t\u011bst\u00ed v nov\u00e9m roce.<\/p>\n","protected":false},"excerpt":{"rendered":"<p>Tr\u00e9ninky atletick\u00fdch p\u0159\u00edpravek v tomto kalend\u00e1\u0159n\u00edm roce kon\u010d\u00ed ve st\u0159edu 20.12.2017. Ve \u010dtvrtek 21. 12. 2017 se kon\u00e1 je\u0161t\u011b pro d\u011bti a rodi\u010de V\u00e1no\u010dn\u00ed hala pro p\u0159\u00edpravky.\u00a0Tr\u00e9ninky v nov\u00e9m roce za\u010dnou v pond\u011bl\u00ed 8. 1. 2018 standardn\u011b dle rozpisu skupin.<\/p>\n","protected":false},"author":10,"featured_media":9771,"comment_status":"closed","ping_status":"closed","sticky":false,"template":"","format":"standard","meta":{"ngg_post_thumbnail":0},"categories":[5,6,25,19],"tags":[],"_links":{"self":[{"href":"https:\/\/old.atletikaolomouc.cz\/index.php?rest_route=\/wp\/v2\/posts\/9770"}],"collection":[{"href":"https:\/\/old.atletikaolomouc.cz\/index.php?rest_route=\/wp\/v2\/posts"}],"about":[{"href":"https:\/\/old.atletikaolomouc.cz\/index.php?rest_route=\/wp\/v2\/types\/post"}],"author":[{"embeddable":true,"href":"https:\/\/old.atletikaolomouc.cz\/index.php?rest_route=\/wp\/v2\/users\/10"}],"replies":[{"embeddable":true,"href":"https:\/\/old.atletikaolomouc.cz\/index.php?rest_route=%2Fwp%2Fv2%2Fcomments&post=9770"}],"version-history":[{"count":2,"href":"https:\/\/old.atletikaolomouc.cz\/index.php?rest_route=\/wp\/v2\/posts\/9770\/revisions"}],"predecessor-version":[{"id":9773,"href":"https:\/\/old.atletikaolomouc.cz\/index.php?rest_route=\/wp\/v2\/posts\/9770\/revisions\/9773"}],"wp:featuredmedia":[{"embeddable":true,"href":"https:\/\/old.atletikaolomouc.cz\/index.php?rest_route=\/wp\/v2\/media\/9771"}],"wp:attachment":[{"href":"https:\/\/old.atletikaolomouc.cz\/index.php?rest_route=%2Fwp%2Fv2%2Fmedia&parent=9770"}],"wp:term":[{"taxonomy":"category","embeddable":true,"href":"https:\/\/old.atletikaolomouc.cz\/index.php?rest_route=%2Fwp%2Fv2%2Fcategories&post=9770"},{"taxonomy":"post_tag","embeddable":true,"href":"https:\/\/old.atletikaolomouc.cz\/index.php?rest_route=%2Fwp%2Fv2%2Ftags&post=9770"}],"curies":[{"name":"wp","href":"https:\/\/api.w.org\/{rel}","templated":true}]}}