{"id":9807,"date":"2018-01-03T14:07:56","date_gmt":"2018-01-03T13:07:56","guid":{"rendered":"http:\/\/www.atletikaolomouc.cz\/?p=9807"},"modified":"2018-01-03T14:07:56","modified_gmt":"2018-01-03T13:07:56","slug":"letni-tabor-tremesek-2018","status":"publish","type":"post","link":"https:\/\/old.atletikaolomouc.cz\/?p=9807","title":{"rendered":"Letn\u00ed t\u00e1bor T\u0159eme\u0161ek 2018"},"content":{"rendered":"<p>Je mo\u017en\u00e9 se ji\u017e p\u0159ihla\u0161ovat na Letn\u00ed t\u00e1bor v T\u0159eme\u0161ku 2018, kter\u00fd se uskute\u010dn\u00ed v term\u00ednu 4. &#8211; 11. 8. 2018. V\u00edce info a p\u0159ihl\u00e1\u0161ky\u00a0<a href=\"http:\/\/www.atletikaolomouc.cz\/?page_id=2064\" target=\"_blank\">zde<\/a>.<\/p>\n","protected":false},"excerpt":{"rendered":"<p>Je mo\u017en\u00e9 se ji\u017e p\u0159ihla\u0161ovat na Letn\u00ed t\u00e1bor v T\u0159eme\u0161ku 2018, kter\u00fd se uskute\u010dn\u00ed v term\u00ednu 4. &#8211; 11. 8. 2018. V\u00edce info a p\u0159ihl\u00e1\u0161ky\u00a0zde.<\/p>\n","protected":false},"author":10,"featured_media":9808,"comment_status":"closed","ping_status":"closed","sticky":false,"template":"","format":"standard","meta":{"ngg_post_thumbnail":0},"categories":[5,6,25,19],"tags":[],"_links":{"self":[{"href":"https:\/\/old.atletikaolomouc.cz\/index.php?rest_route=\/wp\/v2\/posts\/9807"}],"collection":[{"href":"https:\/\/old.atletikaolomouc.cz\/index.php?rest_route=\/wp\/v2\/posts"}],"about":[{"href":"https:\/\/old.atletikaolomouc.cz\/index.php?rest_route=\/wp\/v2\/types\/post"}],"author":[{"embeddable":true,"href":"https:\/\/old.atletikaolomouc.cz\/index.php?rest_route=\/wp\/v2\/users\/10"}],"replies":[{"embeddable":true,"href":"https:\/\/old.atletikaolomouc.cz\/index.php?rest_route=%2Fwp%2Fv2%2Fcomments&post=9807"}],"version-history":[{"count":1,"href":"https:\/\/old.atletikaolomouc.cz\/index.php?rest_route=\/wp\/v2\/posts\/9807\/revisions"}],"predecessor-version":[{"id":9809,"href":"https:\/\/old.atletikaolomouc.cz\/index.php?rest_route=\/wp\/v2\/posts\/9807\/revisions\/9809"}],"wp:featuredmedia":[{"embeddable":true,"href":"https:\/\/old.atletikaolomouc.cz\/index.php?rest_route=\/wp\/v2\/media\/9808"}],"wp:attachment":[{"href":"https:\/\/old.atletikaolomouc.cz\/index.php?rest_route=%2Fwp%2Fv2%2Fmedia&parent=9807"}],"wp:term":[{"taxonomy":"category","embeddable":true,"href":"https:\/\/old.atletikaolomouc.cz\/index.php?rest_route=%2Fwp%2Fv2%2Fcategories&post=9807"},{"taxonomy":"post_tag","embeddable":true,"href":"https:\/\/old.atletikaolomouc.cz\/index.php?rest_route=%2Fwp%2Fv2%2Ftags&post=9807"}],"curies":[{"name":"wp","href":"https:\/\/api.w.org\/{rel}","templated":true}]}}