{"id":9990,"date":"2018-02-27T08:15:23","date_gmt":"2018-02-27T07:15:23","guid":{"rendered":"http:\/\/www.atletikaolomouc.cz\/?p=9990"},"modified":"2018-02-27T08:15:23","modified_gmt":"2018-02-27T07:15:23","slug":"jarni-prazdniny-2","status":"publish","type":"post","link":"https:\/\/old.atletikaolomouc.cz\/?p=9990","title":{"rendered":"Jarn\u00ed pr\u00e1zdniny"},"content":{"rendered":"<p style=\"text-align: justify;\">P\u0159ipom\u00edn\u00e1me, \u017ee tr\u00e9ninky atletick\u00fdch p\u0159\u00edpravek se v dob\u011b pr\u00e1zdnin nekonaj\u00ed. Aktu\u00e1ln\u011b se tedy ru\u0161\u00ed tr\u00e9ninky v obdob\u00ed jarn\u00edch pr\u00e1zdnin od 5. do 11. 3. 2018. U\u017eijte si pr\u00e1zdniny!\u00a0<\/p>\n","protected":false},"excerpt":{"rendered":"<p>P\u0159ipom\u00edn\u00e1me, \u017ee tr\u00e9ninky atletick\u00fdch p\u0159\u00edpravek se v dob\u011b pr\u00e1zdnin nekonaj\u00ed. Aktu\u00e1ln\u011b se tedy ru\u0161\u00ed tr\u00e9ninky v obdob\u00ed jarn\u00edch pr\u00e1zdnin od 5. do 11. 3. 2018. U\u017eijte si pr\u00e1zdniny!\u00a0<\/p>\n","protected":false},"author":10,"featured_media":0,"comment_status":"closed","ping_status":"closed","sticky":false,"template":"","format":"standard","meta":{"ngg_post_thumbnail":0},"categories":[5,6,25,19],"tags":[],"_links":{"self":[{"href":"https:\/\/old.atletikaolomouc.cz\/index.php?rest_route=\/wp\/v2\/posts\/9990"}],"collection":[{"href":"https:\/\/old.atletikaolomouc.cz\/index.php?rest_route=\/wp\/v2\/posts"}],"about":[{"href":"https:\/\/old.atletikaolomouc.cz\/index.php?rest_route=\/wp\/v2\/types\/post"}],"author":[{"embeddable":true,"href":"https:\/\/old.atletikaolomouc.cz\/index.php?rest_route=\/wp\/v2\/users\/10"}],"replies":[{"embeddable":true,"href":"https:\/\/old.atletikaolomouc.cz\/index.php?rest_route=%2Fwp%2Fv2%2Fcomments&post=9990"}],"version-history":[{"count":1,"href":"https:\/\/old.atletikaolomouc.cz\/index.php?rest_route=\/wp\/v2\/posts\/9990\/revisions"}],"predecessor-version":[{"id":9991,"href":"https:\/\/old.atletikaolomouc.cz\/index.php?rest_route=\/wp\/v2\/posts\/9990\/revisions\/9991"}],"wp:attachment":[{"href":"https:\/\/old.atletikaolomouc.cz\/index.php?rest_route=%2Fwp%2Fv2%2Fmedia&parent=9990"}],"wp:term":[{"taxonomy":"category","embeddable":true,"href":"https:\/\/old.atletikaolomouc.cz\/index.php?rest_route=%2Fwp%2Fv2%2Fcategories&post=9990"},{"taxonomy":"post_tag","embeddable":true,"href":"https:\/\/old.atletikaolomouc.cz\/index.php?rest_route=%2Fwp%2Fv2%2Ftags&post=9990"}],"curies":[{"name":"wp","href":"https:\/\/api.w.org\/{rel}","templated":true}]}}